{"id":614,"date":"2024-10-23T17:41:34","date_gmt":"2024-10-23T20:41:34","guid":{"rendered":"https:\/\/unapiufes.wordpress.com\/?p=614"},"modified":"2024-10-23T17:41:34","modified_gmt":"2024-10-23T20:41:34","slug":"exposicao-quem-disse-que-sou-velha-demais","status":"publish","type":"post","link":"https:\/\/unapi.ufes.br\/index.php\/2024\/10\/23\/exposicao-quem-disse-que-sou-velha-demais\/","title":{"rendered":"Exposi\u00e7\u00e3o &#8220;Quem disse que sou velha demais?&#8221;"},"content":{"rendered":"\n<figure class=\"wp-block-image size-large\"><img decoding=\"async\" src=\"https:\/\/unapiufes.wordpress.com\/wp-content\/uploads\/2024\/10\/whatsapp-image-2024-10-23-at-17.33.03.jpeg?w=360\" alt=\"\" class=\"wp-image-615\" \/><\/figure>\n\n\n\n<p>A exposi\u00e7\u00e3o \u201cQuem disse que sou velha demais?\u201d est\u00e1 instalada na Biblioteca Central da Ufes, a partir de 21\/10\/2024 e apresenta um discurso que vai al\u00e9m da est\u00e9tica, desafiando os estere\u00f3tipos impostos pela sociedade \u00e0s pessoas idosas. O ensaio busca demonstrar que as mulheres idosas n\u00e3o s\u00e3o velhas demais, mas sim belas, poderosas e sensuais, desconstruindo os padr\u00f5es pr\u00e9-concebidos sobre o envelhecimento.<\/p>\n\n\n\n<p>Expressa a pluralidade, diversidade e graciosidade dos sujeitos que experimentam o envelhecimento como um privil\u00e9gio de estar vivo. As mulheres idosas s\u00e3o repletas de energia e voz, manifestando seu empoderamento e sensibilidade para o resgate da autoestima e o reconhecimento de seus direitos.<\/p>\n\n\n\n<p>A beleza \u00e9 relativa aos olhos de quem v\u00ea, pois o corpo carrega experi\u00eancias subjetivas e sociais que deixam marcas naturais ao longo do tempo. Por que n\u00e3o admir\u00e1-las? As marcas do envelhecimento fazem parte do ciclo da vida e possuem tanta gra\u00e7a quanto qualquer outra \u00e9poca. Assim, o registro fotogr\u00e1fico se apresenta como uma ferramenta de ruptura dos padr\u00f5es de beleza impostos aos corpos.<br>&nbsp;<\/p>\n\n\n\n<p>A mostra traz diversos registros fotogr\u00e1ficos que retrata a alegria de viver das pessoas que venceram o tempo e ainda est\u00e3o em plena atividade. Uma proposta da Equipe Caf\u00e9 com Prosa da Universidade Aberta \u00e0 Pessoa Idosa e Lorrana Melo, traz ao espa\u00e7o de conviv\u00eancia da Biblioteca Central esse momento de reflex\u00e3o, como se encara a longevidade com prazer em viver.<\/p>\n\n\n\n<p>A exposi\u00e7\u00e3o est\u00e1 instalada no hall do andar t\u00e9rreo e pode ser visitada de segunda a sexta-feira, das 07h \u00e0s 21h, de forma gratuita.<\/p>\n\n\n\n<p>Per\u00edodo de 21 de outubro at\u00e9 20 de dezembro de 2024.<br><\/p>\n","protected":false},"excerpt":{"rendered":"<p>A exposi\u00e7\u00e3o \u201cQuem disse que sou velha demais?\u201d est\u00e1 instalada na Biblioteca Central da Ufes, a partir de 21\/10\/2024 e apresenta um discurso que vai al\u00e9m da est\u00e9tica, desafiando os estere\u00f3tipos impostos pela sociedade \u00e0s pessoas idosas. O ensaio busca demonstrar que as mulheres idosas n\u00e3o s\u00e3o velhas demais, mas sim belas, poderosas e sensuais, [&hellip;]<\/p>\n","protected":false},"author":1,"featured_media":615,"comment_status":"open","ping_status":"open","sticky":false,"template":"","format":"standard","meta":{"footnotes":""},"categories":[1],"tags":[],"class_list":["post-614","post","type-post","status-publish","format-standard","has-post-thumbnail","hentry","category-sem-categoria"],"_links":{"self":[{"href":"https:\/\/unapi.ufes.br\/index.php\/wp-json\/wp\/v2\/posts\/614","targetHints":{"allow":["GET"]}}],"collection":[{"href":"https:\/\/unapi.ufes.br\/index.php\/wp-json\/wp\/v2\/posts"}],"about":[{"href":"https:\/\/unapi.ufes.br\/index.php\/wp-json\/wp\/v2\/types\/post"}],"author":[{"embeddable":true,"href":"https:\/\/unapi.ufes.br\/index.php\/wp-json\/wp\/v2\/users\/1"}],"replies":[{"embeddable":true,"href":"https:\/\/unapi.ufes.br\/index.php\/wp-json\/wp\/v2\/comments?post=614"}],"version-history":[{"count":0,"href":"https:\/\/unapi.ufes.br\/index.php\/wp-json\/wp\/v2\/posts\/614\/revisions"}],"wp:featuredmedia":[{"embeddable":true,"href":"https:\/\/unapi.ufes.br\/index.php\/wp-json\/"}],"wp:attachment":[{"href":"https:\/\/unapi.ufes.br\/index.php\/wp-json\/wp\/v2\/media?parent=614"}],"wp:term":[{"taxonomy":"category","embeddable":true,"href":"https:\/\/unapi.ufes.br\/index.php\/wp-json\/wp\/v2\/categories?post=614"},{"taxonomy":"post_tag","embeddable":true,"href":"https:\/\/unapi.ufes.br\/index.php\/wp-json\/wp\/v2\/tags?post=614"}],"curies":[{"name":"wp","href":"https:\/\/api.w.org\/{rel}","templated":true}]}}